{"id":6824,"date":"2024-09-03T11:12:11","date_gmt":"2024-09-03T09:12:11","guid":{"rendered":"https:\/\/www.hertoghe.eu\/?p=6824"},"modified":"2024-09-06T12:08:15","modified_gmt":"2024-09-06T10:08:15","slug":"24-au-26-avril-2025-congres-annuel-de-printemps-de-la4m-floride-usa-ang","status":"publish","type":"post","link":"https:\/\/www.hertoghe.eu\/fr\/24-au-26-avril-2025-congres-annuel-de-printemps-de-la4m-floride-usa-ang\/","title":{"rendered":"24 au 26 Avril 2025 &#8211; Congr\u00e8s annuel de Printemps de l&rsquo;A4M &#8211; Floride, USA (ANG)"},"content":{"rendered":"\n<div class=\"wp-block-stackable-columns stk-block-columns stk-block stk-edcf3ac\" data-block-id=\"edcf3ac\"><div class=\"stk-row stk-inner-blocks stk-block-content stk-content-align stk-edcf3ac-column\">\n<div class=\"wp-block-stackable-column stk-block-column stk-column stk-block stk-db37ce1\" data-v=\"4\" data-block-id=\"db37ce1\"><div class=\"stk-column-wrapper stk-block-column__content stk-container stk-db37ce1-container stk--no-background stk--no-padding\"><div class=\"stk-block-content stk-inner-blocks stk-db37ce1-inner-blocks\">\n<figure class=\"wp-block-image size-full\"><img loading=\"lazy\" decoding=\"async\" width=\"1080\" height=\"1080\" src=\"https:\/\/www.hertoghe.eu\/wp-content\/uploads\/Program-2022-17.png\" alt=\"\" class=\"wp-image-6811\" srcset=\"https:\/\/www.hertoghe.eu\/wp-content\/uploads\/Program-2022-17.png 1080w, https:\/\/www.hertoghe.eu\/wp-content\/uploads\/Program-2022-17-300x300.png 300w, https:\/\/www.hertoghe.eu\/wp-content\/uploads\/Program-2022-17-1024x1024.png 1024w, https:\/\/www.hertoghe.eu\/wp-content\/uploads\/Program-2022-17-150x150.png 150w, https:\/\/www.hertoghe.eu\/wp-content\/uploads\/Program-2022-17-768x768.png 768w, https:\/\/www.hertoghe.eu\/wp-content\/uploads\/Program-2022-17-45x45.png 45w\" sizes=\"auto, (max-width: 1080px) 100vw, 1080px\" \/><\/figure>\n<\/div><\/div><\/div>\n<\/div><\/div>\n\n\n\n<p>J&rsquo;ai l&rsquo;honneur d&rsquo;annoncer que je participerai au 33e congr\u00e8s annuel de printemps sur la m\u00e9decine anti-\u00e2ge et la long\u00e9vit\u00e9.<\/p>\n\n\n\n<p>Ne manquez pas cette occasion d&rsquo;approfondir vos connaissances, de nouer des contacts avec des pairs de l&rsquo;industrie et d&rsquo;\u00e9lever votre pratique \u00e0 de nouveaux sommets. Rejoignez-nous d\u00e8s maintenant et participez au mouvement vers un avenir plus sain et plus dynamique!<\/p>\n\n\n\n<div class=\"wp-block-stackable-button-group aligncenter stk-block-button-group stk-block stk-c164643\" data-block-id=\"c164643\"><div class=\"stk-row stk-inner-blocks has-text-align-center stk-block-content stk-button-group\">\n<div class=\"wp-block-stackable-button stk-block-button has-text-align-center stk-block stk-a6cd7c9\" data-block-id=\"a6cd7c9\"><a class=\"stk-link stk-button stk--hover-effect-darken\" href=\"https:\/\/www.a4m.com\/spring-congress-2025.html?mc_cid=dc27748073&amp;mc_eid=UNIQID\"><span class=\"stk-button__inner-text\">Plus d&rsquo;informations<\/span><\/a><\/div>\n<\/div><\/div>\n","protected":false},"excerpt":{"rendered":"<p>J&rsquo;ai l&rsquo;honneur d&rsquo;annoncer que je participerai au 33e congr\u00e8s annuel de printemps sur la m\u00e9decine anti-\u00e2ge et la long\u00e9vit\u00e9. Ne manquez pas cette occasion d&rsquo;approfondir vos connaissances, de nouer des contacts avec des pairs de l&rsquo;industrie et d&rsquo;\u00e9lever votre pratique \u00e0 de nouveaux sommets. Rejoignez-nous d\u00e8s maintenant et participez au mouvement vers un avenir plus [&hellip;]<\/p>\n","protected":false},"author":2,"featured_media":6813,"comment_status":"open","ping_status":"open","sticky":false,"template":"","format":"standard","meta":{"_acf_changed":false,"cybocfi_hide_featured_image":"yes","footnotes":""},"categories":[8,66],"tags":[],"class_list":["post-6824","post","type-post","status-publish","format-standard","has-post-thumbnail","hentry","category-agenda","category-events-and-news"],"acf":[],"_links":{"self":[{"href":"https:\/\/www.hertoghe.eu\/fr\/wp-json\/wp\/v2\/posts\/6824","targetHints":{"allow":["GET"]}}],"collection":[{"href":"https:\/\/www.hertoghe.eu\/fr\/wp-json\/wp\/v2\/posts"}],"about":[{"href":"https:\/\/www.hertoghe.eu\/fr\/wp-json\/wp\/v2\/types\/post"}],"author":[{"embeddable":true,"href":"https:\/\/www.hertoghe.eu\/fr\/wp-json\/wp\/v2\/users\/2"}],"replies":[{"embeddable":true,"href":"https:\/\/www.hertoghe.eu\/fr\/wp-json\/wp\/v2\/comments?post=6824"}],"version-history":[{"count":3,"href":"https:\/\/www.hertoghe.eu\/fr\/wp-json\/wp\/v2\/posts\/6824\/revisions"}],"predecessor-version":[{"id":6835,"href":"https:\/\/www.hertoghe.eu\/fr\/wp-json\/wp\/v2\/posts\/6824\/revisions\/6835"}],"wp:featuredmedia":[{"embeddable":true,"href":"https:\/\/www.hertoghe.eu\/fr\/wp-json\/wp\/v2\/media\/6813"}],"wp:attachment":[{"href":"https:\/\/www.hertoghe.eu\/fr\/wp-json\/wp\/v2\/media?parent=6824"}],"wp:term":[{"taxonomy":"category","embeddable":true,"href":"https:\/\/www.hertoghe.eu\/fr\/wp-json\/wp\/v2\/categories?post=6824"},{"taxonomy":"post_tag","embeddable":true,"href":"https:\/\/www.hertoghe.eu\/fr\/wp-json\/wp\/v2\/tags?post=6824"}],"curies":[{"name":"wp","href":"https:\/\/api.w.org\/{rel}","templated":true}]}}