{"id":6788,"date":"2024-09-03T10:58:25","date_gmt":"2024-09-03T08:58:25","guid":{"rendered":"https:\/\/www.hertoghe.eu\/?p=6788"},"modified":"2024-09-03T10:58:27","modified_gmt":"2024-09-03T08:58:27","slug":"3-au-5-octobre-2024-congres-semal-a-seville-espagne-ang-es","status":"publish","type":"post","link":"https:\/\/www.hertoghe.eu\/fr\/3-au-5-octobre-2024-congres-semal-a-seville-espagne-ang-es\/","title":{"rendered":"3 au 5 Octobre 2024 &#8211; Congr\u00e8s SEMAL \u00e0 S\u00e9ville, Espagne (ANG\/ES)"},"content":{"rendered":"<div class=\"wp-block-image\">\n<figure class=\"aligncenter size-full is-resized\"><img loading=\"lazy\" decoding=\"async\" width=\"633\" height=\"464\" src=\"https:\/\/www.hertoghe.eu\/wp-content\/uploads\/Seville-event.png\" alt=\"\" class=\"wp-image-6756\" style=\"object-fit:cover;width:500px;height:auto\" srcset=\"https:\/\/www.hertoghe.eu\/wp-content\/uploads\/Seville-event.png 633w, https:\/\/www.hertoghe.eu\/wp-content\/uploads\/Seville-event-300x220.png 300w\" sizes=\"auto, (max-width: 633px) 100vw, 633px\" \/><\/figure>\n<\/div>\n\n\n<p><\/p>\n\n\n\n<p>C&rsquo;est avec honneur que je vous annonce ma pr\u00e9sence au XXIIe Congr\u00e8s international de m\u00e9decine anti-\u00e2ge et long\u00e9vit\u00e9 organis\u00e9 par la Soci\u00e9t\u00e9 espagnole de m\u00e9decine anti-\u00e2ge (SEMAL), qui se tiendra du 3 au 5 octobre 2024 \u00e0 l&rsquo;h\u00f4tel NH Collection.<\/p>\n\n\n\n<p>Cette \u00e9dition sera riche en sujets pour les professionnels de la m\u00e9decine anti-\u00e2ge et de la long\u00e9vit\u00e9. Nous esp\u00e9rons que ce 22\u00e8me Congr\u00e8s sera un grand \u00e9v\u00e9nement de retrouvailles et que nous pourrons profiter ensemble de quelques jours remplis de ressources scientifiques, de nouvelles exp\u00e9riences, de relations personnelles et professionnelles et, bien s\u00fbr, de la merveilleuse ville de S\u00e9ville.<\/p>\n\n\n\n<p>Au cours de ce congr\u00e8s unique, je participerai \u00e0 deux sessions :<\/p>\n\n\n\n<p>| Session 1 : \u00ab\u00a0Le traitement des adultes par l&rsquo;hormone de croissance : Avantages cardiovasculaires et anticanc\u00e9reux\u00a0\u00bb<\/p>\n\n\n\n<p>| Session 2 : \u00ab\u00a0Traitement par l&rsquo;hormone de croissance des adultes vieillissants : signes, sympt\u00f4mes des d\u00e9ficits en GH, diagnostic et doses de traitement\u00a0\u00bb.<\/p>\n\n\n\n<p>\u00cates-vous pr\u00eats \u00e0 vous joindre \u00e0 moi ?<\/p>\n\n\n\n<div class=\"wp-block-stackable-button-group stk-block-button-group stk-block stk-407aeea\" data-block-id=\"407aeea\"><div class=\"stk-row stk-inner-blocks has-text-align-center stk-block-content stk-button-group\">\n<div class=\"wp-block-stackable-button stk-block-button stk-block stk-0b6e2c1\" data-block-id=\"0b6e2c1\"><style>.stk-0b6e2c1{align-items:flex-start !important;display:flex !important}<\/style><a class=\"stk-link stk-button stk--hover-effect-darken\" href=\"https:\/\/sevilla2024.semal.org\/?mc_cid=ddcdaf91d1&amp;mc_eid=UNIQID\"><span class=\"stk-button__inner-text\">Inscrivez-vous ici !<\/span><\/a><\/div>\n<\/div><\/div>\n","protected":false},"excerpt":{"rendered":"<p>C&rsquo;est avec honneur que je vous annonce ma pr\u00e9sence au XXIIe Congr\u00e8s international de m\u00e9decine anti-\u00e2ge et long\u00e9vit\u00e9 organis\u00e9 par la Soci\u00e9t\u00e9 espagnole de m\u00e9decine anti-\u00e2ge (SEMAL), qui se tiendra du 3 au 5 octobre 2024 \u00e0 l&rsquo;h\u00f4tel NH Collection. Cette \u00e9dition sera riche en sujets pour les professionnels de la m\u00e9decine anti-\u00e2ge et de [&hellip;]<\/p>\n","protected":false},"author":2,"featured_media":6778,"comment_status":"open","ping_status":"open","sticky":false,"template":"","format":"standard","meta":{"_acf_changed":false,"cybocfi_hide_featured_image":"yes","footnotes":""},"categories":[8,66],"tags":[],"class_list":["post-6788","post","type-post","status-publish","format-standard","has-post-thumbnail","hentry","category-agenda","category-events-and-news"],"acf":[],"_links":{"self":[{"href":"https:\/\/www.hertoghe.eu\/fr\/wp-json\/wp\/v2\/posts\/6788","targetHints":{"allow":["GET"]}}],"collection":[{"href":"https:\/\/www.hertoghe.eu\/fr\/wp-json\/wp\/v2\/posts"}],"about":[{"href":"https:\/\/www.hertoghe.eu\/fr\/wp-json\/wp\/v2\/types\/post"}],"author":[{"embeddable":true,"href":"https:\/\/www.hertoghe.eu\/fr\/wp-json\/wp\/v2\/users\/2"}],"replies":[{"embeddable":true,"href":"https:\/\/www.hertoghe.eu\/fr\/wp-json\/wp\/v2\/comments?post=6788"}],"version-history":[{"count":2,"href":"https:\/\/www.hertoghe.eu\/fr\/wp-json\/wp\/v2\/posts\/6788\/revisions"}],"predecessor-version":[{"id":6816,"href":"https:\/\/www.hertoghe.eu\/fr\/wp-json\/wp\/v2\/posts\/6788\/revisions\/6816"}],"wp:featuredmedia":[{"embeddable":true,"href":"https:\/\/www.hertoghe.eu\/fr\/wp-json\/wp\/v2\/media\/6778"}],"wp:attachment":[{"href":"https:\/\/www.hertoghe.eu\/fr\/wp-json\/wp\/v2\/media?parent=6788"}],"wp:term":[{"taxonomy":"category","embeddable":true,"href":"https:\/\/www.hertoghe.eu\/fr\/wp-json\/wp\/v2\/categories?post=6788"},{"taxonomy":"post_tag","embeddable":true,"href":"https:\/\/www.hertoghe.eu\/fr\/wp-json\/wp\/v2\/tags?post=6788"}],"curies":[{"name":"wp","href":"https:\/\/api.w.org\/{rel}","templated":true}]}}